{"id":6024,"date":"2026-09-02T08:23:18","date_gmt":"2026-09-02T08:23:18","guid":{"rendered":"https:\/\/bakusporting.com\/?p=6024"},"modified":"2026-09-02T08:23:19","modified_gmt":"2026-09-02T08:23:19","slug":"baku-sportinq-fk-nin-m%c9%99tbuat-katibi-v%c9%99zif%c9%99sin%c9%99-emin-zeynalli-t%c9%99yin-olunub","status":"publish","type":"post","link":"https:\/\/bakusporting.com\/ru\/baku-sportinq-fk-nin-m%c9%99tbuat-katibi-v%c9%99zif%c9%99sin%c9%99-emin-zeynalli-t%c9%99yin-olunub\/","title":{"rendered":"\u201cBaku Sportinq\u201d FK-n\u0131n m\u0259tbuat katibi v\u0259zif\u0259sin\u0259 Emin Zeynall\u0131 t\u0259yin olunub."},"content":{"rendered":"<p>Media sah\u0259sind\u0259 t\u0259cr\u00fcb\u0259y\u0259 malik olan Emin Zeynall\u0131 daha \u0259vv\u0259l Sport1.az v\u0259&nbsp;<a href=\"https:\/\/www.instagram.com\/sportagon.az\/\">@sportagon.az<\/a>&nbsp;saytlar\u0131nda jurnalist kimi f\u0259aliyy\u0259t g\u00f6st\u0259rib.<\/p>\n\n\n\n<p>Onun media sah\u0259sind\u0259 qazand\u0131\u011f\u0131 t\u0259cr\u00fcb\u0259nin klubun informasiya v\u0259 kommunikasiya f\u0259aliyy\u0259tinin daha da inki\u015faf etdirilm\u0259sin\u0259, h\u0259m\u00e7inin media il\u0259 \u0259laq\u0259l\u0259rin s\u0259m\u0259r\u0259li \u015f\u0259kild\u0259 qurulmas\u0131na t\u00f6hf\u0259 ver\u0259c\u0259yin\u0259 inan\u0131r\u0131q.<\/p>\n\n\n\n<p>Emin Zeynall\u0131n\u0131 yeni v\u0259zif\u0259si m\u00fcnasib\u0259til\u0259 t\u0259brik edir, ona<\/p>","protected":false},"excerpt":{"rendered":"<p>Media sah\u0259sind\u0259 t\u0259cr\u00fcb\u0259y\u0259 malik olan Emin Zeynall\u0131 daha \u0259vv\u0259l Sport1.az v\u0259&nbsp;@sportagon.az&nbsp;saytlar\u0131nda jurnalist kimi f\u0259aliyy\u0259t g\u00f6st\u0259rib. Onun media sah\u0259sind\u0259 qazand\u0131\u011f\u0131 t\u0259cr\u00fcb\u0259nin klubun informasiya v\u0259 kommunikasiya f\u0259aliyy\u0259tinin daha da inki\u015faf etdirilm\u0259sin\u0259, h\u0259m\u00e7inin media il\u0259 \u0259laq\u0259l\u0259rin s\u0259m\u0259r\u0259li \u015f\u0259kild\u0259 qurulmas\u0131na t\u00f6hf\u0259 ver\u0259c\u0259yin\u0259 inan\u0131r\u0131q. Emin Zeynall\u0131n\u0131 yeni v\u0259zif\u0259si m\u00fcnasib\u0259til\u0259 t\u0259brik edir, ona<\/p>","protected":false},"author":4,"featured_media":6025,"comment_status":"closed","ping_status":"closed","sticky":false,"template":"","format":"standard","meta":{"footnotes":""},"categories":[16],"tags":[],"class_list":["post-6024","post","type-post","status-publish","format-standard","has-post-thumbnail","hentry","category-latest-news"],"_links":{"self":[{"href":"https:\/\/bakusporting.com\/ru\/wp-json\/wp\/v2\/posts\/6024","targetHints":{"allow":["GET"]}}],"collection":[{"href":"https:\/\/bakusporting.com\/ru\/wp-json\/wp\/v2\/posts"}],"about":[{"href":"https:\/\/bakusporting.com\/ru\/wp-json\/wp\/v2\/types\/post"}],"author":[{"embeddable":true,"href":"https:\/\/bakusporting.com\/ru\/wp-json\/wp\/v2\/users\/4"}],"replies":[{"embeddable":true,"href":"https:\/\/bakusporting.com\/ru\/wp-json\/wp\/v2\/comments?post=6024"}],"version-history":[{"count":1,"href":"https:\/\/bakusporting.com\/ru\/wp-json\/wp\/v2\/posts\/6024\/revisions"}],"predecessor-version":[{"id":6026,"href":"https:\/\/bakusporting.com\/ru\/wp-json\/wp\/v2\/posts\/6024\/revisions\/6026"}],"wp:featuredmedia":[{"embeddable":true,"href":"https:\/\/bakusporting.com\/ru\/wp-json\/wp\/v2\/media\/6025"}],"wp:attachment":[{"href":"https:\/\/bakusporting.com\/ru\/wp-json\/wp\/v2\/media?parent=6024"}],"wp:term":[{"taxonomy":"category","embeddable":true,"href":"https:\/\/bakusporting.com\/ru\/wp-json\/wp\/v2\/categories?post=6024"},{"taxonomy":"post_tag","embeddable":true,"href":"https:\/\/bakusporting.com\/ru\/wp-json\/wp\/v2\/tags?post=6024"}],"curies":[{"name":"wp","href":"https:\/\/api.w.org\/{rel}","templated":true}]}}